{"id":240,"date":"2019-01-31T12:27:21","date_gmt":"2019-01-31T12:27:21","guid":{"rendered":"https:\/\/www.curamodravard.se\/?p=240"},"modified":"2019-01-31T12:27:21","modified_gmt":"2019-01-31T12:27:21","slug":"yttre-trauma-och-risk-for-skador-pa-barnet","status":"publish","type":"post","link":"https:\/\/curabmm.se\/?p=240","title":{"rendered":"Aktuellt i media: Yttre trauma och risk f\u00f6r skador p\u00e5 barnet"},"content":{"rendered":"<p>\u00a0I media har rapporterats om hur en kvinna som var gravid i \u00e5ttonde m\u00e5nader bryskt avvisades fr\u00e5n Stockholms tunnelbana av tv\u00e5 ordningsvakter eftersom hon inte kunde uppvisa n\u00e5gon giltig f\u00e4rdbiljett. Det har beskrivits att hon \u00e5drog sig bl\u00e5m\u00e4rken och att hon var r\u00e4dd f\u00f6r att barnets skulle d\u00f6. Den som vill se ingripandet kan se det h\u00e4r: https:\/\/www.aftonbladet.se\/nyheter\/a\/BJQ6Rg\/gravida-kvinnan-var-radd-att-mitt-barn-skulle-do-i-magen. Efter kontroll p\u00e5 sjukhus fick kvinnan \u00e5ka hem.<\/p>\n<p>Det h\u00e4nder inte s\u00e4llan att gravida kvinnor ramlar omkull och sl\u00e5r magen, eller att n\u00e5got barn sparkar eller sl\u00e5r med knytn\u00e4ven p\u00e5 den gravida magen. En annan h\u00e4ndelse \u00e4r en lindrig krock med bil d\u00e4r s\u00e4kerhetsb\u00e4ltet stramas \u00e5t. Barnet ligger v\u00e4l polstrat i sitt fostervatten och kraften av v\u00e5ldet tas upp av moderns bukv\u00e4gg, elasticiteten i livmodern och fostervattnet. Det \u00e4r liten risk att ett s\u00e5dant trubbigt v\u00e5ld orsakar n\u00e5gon skada p\u00e5 barnet eller moderkakan, men \u00e4r man orolig \u00e4r det b\u00e4st att ringa till sjukhuset och diskutera med en barnmorska eller l\u00e4kare.<\/p>\n<p>Det g\u00e5r ofta inte att s\u00e4kert dra en skiljelinje mellan vad som \u00e4r ett ofarligt trauma och ett trauma som kan vara allvarligt. Efter ett trauma ska kvinnan vara uppm\u00e4rksam p\u00e5 vaginalbl\u00f6dning och \u00f6kade sammandragningar. Vid kraftigare v\u00e5ld mot livmoderna ska kvinnan alltid s\u00f6ka v\u00e5rd f\u00f6r kontroll och observation av s\u00e5v\u00e4l sin egen som barnets h\u00e4lsa. Om kvinnan \u00e4r Rhesus negativ, vilket 15% av befolkningen \u00e4r, ska kvinnan f\u00e5 en injektion med Rhesus-antikroppar (anti-D spruta) som profylax mot Rh-immunisering. Sprutan ske ges inom 2-3 dygn efter traumat.<\/p>\n<p>Vid bil\u00e5kande ska kvinnan anv\u00e4nda s\u00e4kerhetsb\u00e4lte, d\u00e4r midjeb\u00e4ltet placeras s\u00e5 l\u00e5gt som m\u00f6jligt under livmodern och det snedg\u00e5ende skulderb\u00e4ltet placeras \u00f6ver nyckelbenet och mellan br\u00f6sten, men det f\u00e5r inte ligga direkt \u00f6ver livmodern. B\u00e4ltet ska vara stramt men inte \u00e5tsp\u00e4nt. Krockkudden ska inte kopplas ur. Att anv\u00e4nda s\u00e4kerhetsb\u00e4ltet och inte koppla ut krockkudden minskar risken f\u00f6r allvarlig skada hos b\u00e5de mor och barn. Se h\u00e4r hur b\u00e4ltet ska placeras: https:\/\/saferide4kids.com\/blog\/look-for-pregnancy-seatbelt-positioner\/<\/p>\n<p>Skulle kvinnan beh\u00f6va ligga ner efter en olycka ska hon placeras i sidol\u00e4ge med benen i h\u00f6gl\u00e4ge, eller vriden 30 grader \u00e5t v\u00e4nster om hon m\u00e5ste ligga p\u00e5 rygg. En kudde eller kl\u00e4dbylte under h\u00f6ger h\u00f6ft och rygg hj\u00e4lper h\u00e5lla henne kvar i den positionen.<\/p>\n<p>\u00a9Prof. Per Olofsson, Cura M\u00f6rdav\u00e5rd i Malm\u00f6<\/p>\n","protected":false},"excerpt":{"rendered":"<p>\u00a0I media har rapporterats om hur en kvinna som var gravid i \u00e5ttonde m\u00e5nader bryskt avvisades fr\u00e5n Stockholms tunnelbana av tv\u00e5 ordningsvakter eftersom hon inte kunde uppvisa n\u00e5gon giltig f\u00e4rdbiljett. Det har beskrivits att hon \u00e5drog sig bl\u00e5m\u00e4rken och att hon var r\u00e4dd f\u00f6r att barnets skulle d\u00f6. Den som vill se ingripandet kan se [&hellip;]<\/p>\n","protected":false},"author":1,"featured_media":0,"comment_status":"open","ping_status":"open","sticky":false,"template":"","format":"standard","meta":{"footnotes":""},"categories":[2],"tags":[],"class_list":["post-240","post","type-post","status-publish","format-standard","hentry","category-nyheter-sv"],"yoast_head":"<!-- This site is optimized with the Yoast SEO plugin v28.4 - https:\/\/yoast.com\/product\/yoast-seo-wordpress\/ -->\n<title>Aktuellt i media: Yttre trauma och risk f\u00f6r skador p\u00e5 barnet - CURA Barnmorskemottagning<\/title>\n<meta name=\"robots\" content=\"index, follow, max-snippet:-1, max-image-preview:large, max-video-preview:-1\" \/>\n<link rel=\"canonical\" href=\"https:\/\/curabmm.se\/?p=240\" \/>\n<meta property=\"og:locale\" content=\"sv_SE\" \/>\n<meta property=\"og:type\" content=\"article\" \/>\n<meta property=\"og:title\" content=\"Aktuellt i media: Yttre trauma och risk f\u00f6r skador p\u00e5 barnet - CURA Barnmorskemottagning\" \/>\n<meta property=\"og:description\" content=\"\u00a0I media har rapporterats om hur en kvinna som var gravid i \u00e5ttonde m\u00e5nader bryskt avvisades fr\u00e5n Stockholms tunnelbana av tv\u00e5 ordningsvakter eftersom hon inte kunde uppvisa n\u00e5gon giltig f\u00e4rdbiljett. Det har beskrivits att hon \u00e5drog sig bl\u00e5m\u00e4rken och att hon var r\u00e4dd f\u00f6r att barnets skulle d\u00f6. Den som vill se ingripandet kan se [&hellip;]\" \/>\n<meta property=\"og:url\" content=\"https:\/\/curabmm.se\/?p=240\" \/>\n<meta property=\"og:site_name\" content=\"CURA Barnmorskemottagning\" \/>\n<meta property=\"article:published_time\" content=\"2019-01-31T12:27:21+00:00\" \/>\n<meta name=\"author\" content=\"admin\" \/>\n<meta name=\"twitter:card\" content=\"summary_large_image\" \/>\n<meta name=\"twitter:label1\" content=\"Skriven av\" \/>\n\t<meta name=\"twitter:data1\" content=\"admin\" \/>\n\t<meta name=\"twitter:label2\" content=\"Ber\u00e4knad l\u00e4stid\" \/>\n\t<meta name=\"twitter:data2\" content=\"2 minuter\" \/>\n<script type=\"application\/ld+json\" class=\"yoast-schema-graph\">{\"@context\":\"https:\\\/\\\/schema.org\",\"@graph\":[{\"@type\":\"Article\",\"@id\":\"https:\\\/\\\/curabmm.se\\\/?p=240#article\",\"isPartOf\":{\"@id\":\"https:\\\/\\\/curabmm.se\\\/?p=240\"},\"author\":{\"name\":\"admin\",\"@id\":\"https:\\\/\\\/curabmm.se\\\/#\\\/schema\\\/person\\\/5338ef1ab333f3892d0a6695a01ee3eb\"},\"headline\":\"Aktuellt i media: Yttre trauma och risk f\u00f6r skador p\u00e5 barnet\",\"datePublished\":\"2019-01-31T12:27:21+00:00\",\"mainEntityOfPage\":{\"@id\":\"https:\\\/\\\/curabmm.se\\\/?p=240\"},\"wordCount\":463,\"commentCount\":0,\"articleSection\":[\"Nyheter\"],\"inLanguage\":\"sv-SE\",\"potentialAction\":[{\"@type\":\"CommentAction\",\"name\":\"Comment\",\"target\":[\"https:\\\/\\\/curabmm.se\\\/?p=240#respond\"]}]},{\"@type\":\"WebPage\",\"@id\":\"https:\\\/\\\/curabmm.se\\\/?p=240\",\"url\":\"https:\\\/\\\/curabmm.se\\\/?p=240\",\"name\":\"Aktuellt i media: Yttre trauma och risk f\u00f6r skador p\u00e5 barnet - CURA Barnmorskemottagning\",\"isPartOf\":{\"@id\":\"https:\\\/\\\/curabmm.se\\\/#website\"},\"datePublished\":\"2019-01-31T12:27:21+00:00\",\"author\":{\"@id\":\"https:\\\/\\\/curabmm.se\\\/#\\\/schema\\\/person\\\/5338ef1ab333f3892d0a6695a01ee3eb\"},\"breadcrumb\":{\"@id\":\"https:\\\/\\\/curabmm.se\\\/?p=240#breadcrumb\"},\"inLanguage\":\"sv-SE\",\"potentialAction\":[{\"@type\":\"ReadAction\",\"target\":[\"https:\\\/\\\/curabmm.se\\\/?p=240\"]}]},{\"@type\":\"BreadcrumbList\",\"@id\":\"https:\\\/\\\/curabmm.se\\\/?p=240#breadcrumb\",\"itemListElement\":[{\"@type\":\"ListItem\",\"position\":1,\"name\":\"Hem\",\"item\":\"https:\\\/\\\/curabmm.se\\\/\"},{\"@type\":\"ListItem\",\"position\":2,\"name\":\"Aktuellt i media: Yttre trauma och risk f\u00f6r skador p\u00e5 barnet\"}]},{\"@type\":\"WebSite\",\"@id\":\"https:\\\/\\\/curabmm.se\\\/#website\",\"url\":\"https:\\\/\\\/curabmm.se\\\/\",\"name\":\"CURA Barnmorskemottagning\",\"description\":\"\",\"potentialAction\":[{\"@type\":\"SearchAction\",\"target\":{\"@type\":\"EntryPoint\",\"urlTemplate\":\"https:\\\/\\\/curabmm.se\\\/?s={search_term_string}\"},\"query-input\":{\"@type\":\"PropertyValueSpecification\",\"valueRequired\":true,\"valueName\":\"search_term_string\"}}],\"inLanguage\":\"sv-SE\"},{\"@type\":\"Person\",\"@id\":\"https:\\\/\\\/curabmm.se\\\/#\\\/schema\\\/person\\\/5338ef1ab333f3892d0a6695a01ee3eb\",\"name\":\"admin\",\"image\":{\"@type\":\"ImageObject\",\"inLanguage\":\"sv-SE\",\"@id\":\"https:\\\/\\\/secure.gravatar.com\\\/avatar\\\/7a00c0df9be9787ce9d749fa37d1a37bafa719cd7e0cb3a68cbeb8de3bd04f52?s=96&d=mm&r=g\",\"url\":\"https:\\\/\\\/secure.gravatar.com\\\/avatar\\\/7a00c0df9be9787ce9d749fa37d1a37bafa719cd7e0cb3a68cbeb8de3bd04f52?s=96&d=mm&r=g\",\"contentUrl\":\"https:\\\/\\\/secure.gravatar.com\\\/avatar\\\/7a00c0df9be9787ce9d749fa37d1a37bafa719cd7e0cb3a68cbeb8de3bd04f52?s=96&d=mm&r=g\",\"caption\":\"admin\"},\"sameAs\":[\"https:\\\/\\\/curabmm.se\"],\"url\":\"https:\\\/\\\/curabmm.se\\\/?author=1\"}]}<\/script>\n<!-- \/ Yoast SEO plugin. -->","yoast_head_json":{"title":"Aktuellt i media: Yttre trauma och risk f\u00f6r skador p\u00e5 barnet - CURA Barnmorskemottagning","robots":{"index":"index","follow":"follow","max-snippet":"max-snippet:-1","max-image-preview":"max-image-preview:large","max-video-preview":"max-video-preview:-1"},"canonical":"https:\/\/curabmm.se\/?p=240","og_locale":"sv_SE","og_type":"article","og_title":"Aktuellt i media: Yttre trauma och risk f\u00f6r skador p\u00e5 barnet - CURA Barnmorskemottagning","og_description":"\u00a0I media har rapporterats om hur en kvinna som var gravid i \u00e5ttonde m\u00e5nader bryskt avvisades fr\u00e5n Stockholms tunnelbana av tv\u00e5 ordningsvakter eftersom hon inte kunde uppvisa n\u00e5gon giltig f\u00e4rdbiljett. Det har beskrivits att hon \u00e5drog sig bl\u00e5m\u00e4rken och att hon var r\u00e4dd f\u00f6r att barnets skulle d\u00f6. Den som vill se ingripandet kan se [&hellip;]","og_url":"https:\/\/curabmm.se\/?p=240","og_site_name":"CURA Barnmorskemottagning","article_published_time":"2019-01-31T12:27:21+00:00","author":"admin","twitter_card":"summary_large_image","twitter_misc":{"Skriven av":"admin","Ber\u00e4knad l\u00e4stid":"2 minuter"},"schema":{"@context":"https:\/\/schema.org","@graph":[{"@type":"Article","@id":"https:\/\/curabmm.se\/?p=240#article","isPartOf":{"@id":"https:\/\/curabmm.se\/?p=240"},"author":{"name":"admin","@id":"https:\/\/curabmm.se\/#\/schema\/person\/5338ef1ab333f3892d0a6695a01ee3eb"},"headline":"Aktuellt i media: Yttre trauma och risk f\u00f6r skador p\u00e5 barnet","datePublished":"2019-01-31T12:27:21+00:00","mainEntityOfPage":{"@id":"https:\/\/curabmm.se\/?p=240"},"wordCount":463,"commentCount":0,"articleSection":["Nyheter"],"inLanguage":"sv-SE","potentialAction":[{"@type":"CommentAction","name":"Comment","target":["https:\/\/curabmm.se\/?p=240#respond"]}]},{"@type":"WebPage","@id":"https:\/\/curabmm.se\/?p=240","url":"https:\/\/curabmm.se\/?p=240","name":"Aktuellt i media: Yttre trauma och risk f\u00f6r skador p\u00e5 barnet - CURA Barnmorskemottagning","isPartOf":{"@id":"https:\/\/curabmm.se\/#website"},"datePublished":"2019-01-31T12:27:21+00:00","author":{"@id":"https:\/\/curabmm.se\/#\/schema\/person\/5338ef1ab333f3892d0a6695a01ee3eb"},"breadcrumb":{"@id":"https:\/\/curabmm.se\/?p=240#breadcrumb"},"inLanguage":"sv-SE","potentialAction":[{"@type":"ReadAction","target":["https:\/\/curabmm.se\/?p=240"]}]},{"@type":"BreadcrumbList","@id":"https:\/\/curabmm.se\/?p=240#breadcrumb","itemListElement":[{"@type":"ListItem","position":1,"name":"Hem","item":"https:\/\/curabmm.se\/"},{"@type":"ListItem","position":2,"name":"Aktuellt i media: Yttre trauma och risk f\u00f6r skador p\u00e5 barnet"}]},{"@type":"WebSite","@id":"https:\/\/curabmm.se\/#website","url":"https:\/\/curabmm.se\/","name":"CURA Barnmorskemottagning","description":"","potentialAction":[{"@type":"SearchAction","target":{"@type":"EntryPoint","urlTemplate":"https:\/\/curabmm.se\/?s={search_term_string}"},"query-input":{"@type":"PropertyValueSpecification","valueRequired":true,"valueName":"search_term_string"}}],"inLanguage":"sv-SE"},{"@type":"Person","@id":"https:\/\/curabmm.se\/#\/schema\/person\/5338ef1ab333f3892d0a6695a01ee3eb","name":"admin","image":{"@type":"ImageObject","inLanguage":"sv-SE","@id":"https:\/\/secure.gravatar.com\/avatar\/7a00c0df9be9787ce9d749fa37d1a37bafa719cd7e0cb3a68cbeb8de3bd04f52?s=96&d=mm&r=g","url":"https:\/\/secure.gravatar.com\/avatar\/7a00c0df9be9787ce9d749fa37d1a37bafa719cd7e0cb3a68cbeb8de3bd04f52?s=96&d=mm&r=g","contentUrl":"https:\/\/secure.gravatar.com\/avatar\/7a00c0df9be9787ce9d749fa37d1a37bafa719cd7e0cb3a68cbeb8de3bd04f52?s=96&d=mm&r=g","caption":"admin"},"sameAs":["https:\/\/curabmm.se"],"url":"https:\/\/curabmm.se\/?author=1"}]}},"_links":{"self":[{"href":"https:\/\/curabmm.se\/index.php?rest_route=\/wp\/v2\/posts\/240","targetHints":{"allow":["GET"]}}],"collection":[{"href":"https:\/\/curabmm.se\/index.php?rest_route=\/wp\/v2\/posts"}],"about":[{"href":"https:\/\/curabmm.se\/index.php?rest_route=\/wp\/v2\/types\/post"}],"author":[{"embeddable":true,"href":"https:\/\/curabmm.se\/index.php?rest_route=\/wp\/v2\/users\/1"}],"replies":[{"embeddable":true,"href":"https:\/\/curabmm.se\/index.php?rest_route=%2Fwp%2Fv2%2Fcomments&post=240"}],"version-history":[{"count":0,"href":"https:\/\/curabmm.se\/index.php?rest_route=\/wp\/v2\/posts\/240\/revisions"}],"wp:attachment":[{"href":"https:\/\/curabmm.se\/index.php?rest_route=%2Fwp%2Fv2%2Fmedia&parent=240"}],"wp:term":[{"taxonomy":"category","embeddable":true,"href":"https:\/\/curabmm.se\/index.php?rest_route=%2Fwp%2Fv2%2Fcategories&post=240"},{"taxonomy":"post_tag","embeddable":true,"href":"https:\/\/curabmm.se\/index.php?rest_route=%2Fwp%2Fv2%2Ftags&post=240"}],"curies":[{"name":"wp","href":"https:\/\/api.w.org\/{rel}","templated":true}]}}